{"id":10384,"date":"2019-10-03T17:25:10","date_gmt":"2019-10-03T17:25:10","guid":{"rendered":"https:\/\/misionalianza.org\/es\/?p=10384"},"modified":"2024-11-25T21:52:52","modified_gmt":"2024-11-25T21:52:52","slug":"las-redes-territoriales-promoviendo-la-transparencia-la-gobernabilidad-y-el-desarrollo-colectivo","status":"publish","type":"post","link":"https:\/\/misionalianza.org\/es\/las-redes-territoriales-promoviendo-la-transparencia-la-gobernabilidad-y-el-desarrollo-colectivo\/","title":{"rendered":"Las redes territoriales: promoviendo la transparencia, la gobernabilidad y el desarrollo colectivo"},"content":{"rendered":"<p><strong>Las redes territoriales: promoviendo la transparencia, la gobernabilidad y el desarrollo colectivo<\/strong><\/p>\n<p>Especialistas en estudios sociales y pol\u00edticos, as\u00ed como dirigentes de las OSC y l\u00edderes de la sociedad civil, han llegado a coincidir en que, en estos \u00faltimos a\u00f1os, el involucramiento de las OSC (en el debate, dise\u00f1o y formulaci\u00f3n de las pol\u00edticas p\u00fablicas en el Ecuador), ha disminuido si lo comparamos con el protagonismo que mostraron en las d\u00e9cadas de los 80 y 90. En aquel entonces fue evidente el impacto de la incidencia de las organizaciones sociales en temas relacionados directamente con el desarrollo humano; incidencia que se tradujo, posteriormente, en la puesta en marcha de pol\u00edticas p\u00fablicas para el ejercicio de derechos que impactaron en la equidad social y en las condiciones de vida de las mujeres, de la ni\u00f1ez, de la juventud o motivaron la generaci\u00f3n de un sinn\u00famero de programas de protecci\u00f3n ambiental.<\/p>\n<p>En los a\u00f1os 90 el movimiento ind\u00edgena se convirti\u00f3 en un referente de la movilizaci\u00f3n social, al lograr incidir en un conjunto de medidas de pol\u00edtica p\u00fablica para el fortalecimiento de los programas sociales en las zonas rurales ecuatorianas y garantizar su derecho a la participaci\u00f3n en la vida democr\u00e1tica del pa\u00eds.<\/p>\n<p>Es evidente que este tradicional accionar de la sociedad civil organizada del Ecuador, por diversos motivos, se ha debilitado (o muestra de una manera diferente su intervenci\u00f3n), priorizando sus necesidades de sobrevivencia y de acceso a recursos. Las OSC, en este marco, han perdido terreno en los espacios de decisi\u00f3n colectiva y de control social en la b\u00fasqueda de un sistema gubernamental transparente, participativo e incluyente.<\/p>\n<p>Con este antecedente Misi\u00f3n Alianza y las OSC que ejecutan proyectos por el desarrollo en el noroeste de Guayaquil, desde el a\u00f1o 2016 promueven el trabajo territorial y colaborativo a trav\u00e9s de la \u201cRed de OSC del Noroeste\u201d; experiencia que responde a la necesidad de reconstruir y fortalecer el proceso de incidencia p\u00fablica para el desarrollo, promovido desde las organizaciones de la sociedad civil (OSC) en una ciudad que tiene importante influencia en la definici\u00f3n de pol\u00edticas y programas gubernamentales en el pa\u00eds.<\/p>\n<p>El objetivo de esta experiencia innovadora de desarrollo territorial es vincular el trabajo de las OSC en el noroeste de Guayaquil para generar procesos de incidencia desde las comunidades, coordinando acciones de los actores comunitarios, las instituciones gubernamentales y el sector privado.\u00a0 Las organizaciones que forman parte de la Red del Noroeste son: Fundaci\u00f3n Mariana de Jes\u00fas, CEPAM, Corporaci\u00f3n Compartir, Fundaci\u00f3n Huancavilca, Centro de Desarrollo y Autogesti\u00f3n (DYA), Fundaci\u00f3n Paz y Esperanza, Fundaci\u00f3n JUCONI, Fundaci\u00f3n Acci\u00f3n Solidaria, Fundaci\u00f3n Santiago de Guayaquil, Centros CREER, Fundaci\u00f3n F\u00fatbol M\u00e1s, Fundaci\u00f3n ECHAD, Red Diaconal de Iglesias de San Francisco (REDISF), Misi\u00f3n Alianza y el Centro Organizado para el Desarrollo Integral Comunitario (CORDIC).<\/p>\n<p><strong>Javier Gutierrez.<\/strong><br \/>\nDirector Ejecutivo Misi\u00f3n Alianza Noruega<\/p>\n","protected":false},"excerpt":{"rendered":"<p>Las redes territoriales: promoviendo la transparencia, la gobernabilidad y el desarrollo colectivo Especialistas en estudios sociales y pol\u00edticos, as\u00ed como dirigentes de las OSC y l\u00edderes de la sociedad civil, [&hellip;]<\/p>\n","protected":false},"author":102,"featured_media":10327,"comment_status":"open","ping_status":"open","sticky":false,"template":"","format":"standard","meta":{"_acf_changed":false,"footnotes":""},"categories":[18],"tags":[],"class_list":["post-10384","post","type-post","status-publish","format-standard","has-post-thumbnail","hentry","category-inclusion-y-desarrollo-social"],"acf":[],"_links":{"self":[{"href":"https:\/\/misionalianza.org\/es\/wp-json\/wp\/v2\/posts\/10384","targetHints":{"allow":["GET"]}}],"collection":[{"href":"https:\/\/misionalianza.org\/es\/wp-json\/wp\/v2\/posts"}],"about":[{"href":"https:\/\/misionalianza.org\/es\/wp-json\/wp\/v2\/types\/post"}],"author":[{"embeddable":true,"href":"https:\/\/misionalianza.org\/es\/wp-json\/wp\/v2\/users\/102"}],"replies":[{"embeddable":true,"href":"https:\/\/misionalianza.org\/es\/wp-json\/wp\/v2\/comments?post=10384"}],"version-history":[{"count":1,"href":"https:\/\/misionalianza.org\/es\/wp-json\/wp\/v2\/posts\/10384\/revisions"}],"predecessor-version":[{"id":10385,"href":"https:\/\/misionalianza.org\/es\/wp-json\/wp\/v2\/posts\/10384\/revisions\/10385"}],"wp:featuredmedia":[{"embeddable":true,"href":"https:\/\/misionalianza.org\/es\/wp-json\/wp\/v2\/media\/10327"}],"wp:attachment":[{"href":"https:\/\/misionalianza.org\/es\/wp-json\/wp\/v2\/media?parent=10384"}],"wp:term":[{"taxonomy":"category","embeddable":true,"href":"https:\/\/misionalianza.org\/es\/wp-json\/wp\/v2\/categories?post=10384"},{"taxonomy":"post_tag","embeddable":true,"href":"https:\/\/misionalianza.org\/es\/wp-json\/wp\/v2\/tags?post=10384"}],"curies":[{"name":"wp","href":"https:\/\/api.w.org\/{rel}","templated":true}]}}