{"id":10390,"date":"2020-03-03T17:06:12","date_gmt":"2020-03-03T17:06:12","guid":{"rendered":"https:\/\/misionalianza.org\/es\/?p=10390"},"modified":"2024-11-25T21:52:32","modified_gmt":"2024-11-25T21:52:32","slug":"si-usted-cree-ellas-pueden","status":"publish","type":"post","link":"https:\/\/misionalianza.org\/es\/si-usted-cree-ellas-pueden\/","title":{"rendered":"\u00a1\u201dSi usted cree, ellas pueden\u201d!"},"content":{"rendered":"<p><strong>\u00a1\u201d Si usted cree, ellas pueden\u201d!<\/strong><\/p>\n<p>En una de las varias visitas a los grupos de emprendimientos mi interlocutor, un hombre de edad madura, con experiencia comprobada en negocios, me refiri\u00f3 con extra\u00f1ez la siguiente pregunta: Jos\u00e9, \u00bfpor qu\u00e9 trabajar con comunidades que est\u00e1n tan desconectadas de los mercados? Y prosigui\u00f3 con cierta incomodidad -El acceso a estos puntos es muy cr\u00edtico; va a ser muy dif\u00edcil conseguir algo aqu\u00ed.<\/p>\n<p>Hab\u00edamos invertido 45 minutos en veh\u00edculo en llegar desde el km.25 de la v\u00eda Perimetral hasta el sector la &lt;&lt;Karolina&gt;&gt;, al noroeste de la ciudad de Guayaquil, y nos dirig\u00edamos a realizar una visita con un representante del sector privado; como parte del equipo de Misi\u00f3n Alianza nuestra metodolog\u00eda de trabajo se enfoca en lo colaborativo, para generar alianzas con actores claves para el desarrollo y sostenibilidad de los proyectos en los sectores donde intervenimos.<\/p>\n<p>El proyecto <a href=\"https:\/\/es.wikipedia.org\/wiki\/Desarrollo_econ%C3%B3mico\" target=\"_blank\" rel=\"noopener noreferrer\">\u201cDesarrollo Econ\u00f3mico\u201d<\/a> busca incluir a las mujeres y j\u00f3venes en actividades productivas artesanales, que permitan mejorar los ingresos de las familias en comunidad. Abarca la capacitaci\u00f3n artesanal d\u00f3nde las mujeres (y algunos hombres) aprenden alguna destreza artesanal que pueden ser: elaboraci\u00f3n de calzado, prendas de vestir, tejidos, panader\u00eda, soldadura entre otras; tambi\u00e9n se preparan en adquirir conocimientos t\u00e9cnicos relacionados al emprendimiento tales como: presupuestos, \u00bfc\u00f3mo costeo?, ventas. Todo esto en un per\u00edodo de diez meses.<\/p>\n<p>La capacitaci\u00f3n ha sido un factor clave para su desarrollo, el involucramiento de la Escuelas de Marketing y Dise\u00f1o ha permitido que cada asociaci\u00f3n elabore su propio logotipo y con esto generamos identidad a sus negocios, sin embargo a\u00fan hay desaf\u00edos que sortear como por ejemplo conseguir una cuota de mercado para los emprendimientos comunitarios; y es que para algunos su ubicaci\u00f3n geogr\u00e1fica y el tener que combinar sus labores como madres de familias y emprendedoras no les deja mucho tiempo para implementaci\u00f3n de t\u00e9cnicas de consecuci\u00f3n de mercado.<\/p>\n<p>Al parecer tenemos muchos aspectos externos que podr\u00edan reflejar como siempre estar en contra m\u00e1s nuestro trabajo est\u00e1 basado en la fe y en el amor al pr\u00f3jimo \u201cSi usted cree, ellas pueden\u201d establece una condici\u00f3n que s\u00f3lo depende de ti; que espera algo de ti: creer. \u00a1Creer! podr\u00eda ser considerada una acci\u00f3n peque\u00f1a, pero como la semilla de mostaza, que siendo de las m\u00e1s peque\u00f1as es capaz de germinar y desarrollarse hasta convertirse en un \u00e1rbol de gran tama\u00f1o y dar sombra a muchos; podemos ser catalizadores de grandes iniciativas, contagiar a muchos, y producir cambios conductuales en beneficio de la sociedad y de nuestro pr\u00f3jimo.\u00a0 Cuando tengas entre tus manos un producto artesanal val\u00f3ralo. Dales la oportunidad de seguir evolucionando.<\/p>\n<p>Jos\u00e9 Luis L\u00f3pez<br \/>\n<strong>Asesor T\u00e9cnico.<\/strong><\/p>\n<p><strong>Misi\u00f3n Alianza de Noruega en Ecuador.<\/strong><\/p>\n<p><em><a href=\"https:\/\/definicion.de\/proyecto-social\/\">Proyectos Sociales<\/a> en Guayaquil Ecuador.<\/em><\/p>\n","protected":false},"excerpt":{"rendered":"<p>\u00a1\u201d Si usted cree, ellas pueden\u201d! En una de las varias visitas a los grupos de emprendimientos mi interlocutor, un hombre de edad madura, con experiencia comprobada en negocios, me [&hellip;]<\/p>\n","protected":false},"author":102,"featured_media":10324,"comment_status":"open","ping_status":"open","sticky":false,"template":"","format":"standard","meta":{"_acf_changed":false,"footnotes":""},"categories":[17,19,20],"tags":[],"class_list":["post-10390","post","type-post","status-publish","format-standard","has-post-thumbnail","hentry","category-fundacion-ayuda-social-guayaquil","category-proyecto-social-guayaquil","category-proyectos"],"acf":[],"_links":{"self":[{"href":"https:\/\/misionalianza.org\/es\/wp-json\/wp\/v2\/posts\/10390","targetHints":{"allow":["GET"]}}],"collection":[{"href":"https:\/\/misionalianza.org\/es\/wp-json\/wp\/v2\/posts"}],"about":[{"href":"https:\/\/misionalianza.org\/es\/wp-json\/wp\/v2\/types\/post"}],"author":[{"embeddable":true,"href":"https:\/\/misionalianza.org\/es\/wp-json\/wp\/v2\/users\/102"}],"replies":[{"embeddable":true,"href":"https:\/\/misionalianza.org\/es\/wp-json\/wp\/v2\/comments?post=10390"}],"version-history":[{"count":1,"href":"https:\/\/misionalianza.org\/es\/wp-json\/wp\/v2\/posts\/10390\/revisions"}],"predecessor-version":[{"id":10391,"href":"https:\/\/misionalianza.org\/es\/wp-json\/wp\/v2\/posts\/10390\/revisions\/10391"}],"wp:featuredmedia":[{"embeddable":true,"href":"https:\/\/misionalianza.org\/es\/wp-json\/wp\/v2\/media\/10324"}],"wp:attachment":[{"href":"https:\/\/misionalianza.org\/es\/wp-json\/wp\/v2\/media?parent=10390"}],"wp:term":[{"taxonomy":"category","embeddable":true,"href":"https:\/\/misionalianza.org\/es\/wp-json\/wp\/v2\/categories?post=10390"},{"taxonomy":"post_tag","embeddable":true,"href":"https:\/\/misionalianza.org\/es\/wp-json\/wp\/v2\/tags?post=10390"}],"curies":[{"name":"wp","href":"https:\/\/api.w.org\/{rel}","templated":true}]}}