{"id":10394,"date":"2020-06-03T12:08:15","date_gmt":"2020-06-03T12:08:15","guid":{"rendered":"https:\/\/misionalianza.org\/es\/?p=10394"},"modified":"2024-11-25T21:52:18","modified_gmt":"2024-11-25T21:52:18","slug":"union-y-colaboracion-ante-la-pandemia-en-el-noroeste-de-guayaquil","status":"publish","type":"post","link":"https:\/\/misionalianza.org\/es\/union-y-colaboracion-ante-la-pandemia-en-el-noroeste-de-guayaquil\/","title":{"rendered":"Uni\u00f3n y colaboraci\u00f3n ante la pandemia en el noroeste de Guayaquil"},"content":{"rendered":"<p>\u00a1Nuestra misi\u00f3n sigue! Ante la emergencia dotamos de kit de bioseguridad a la \u00b4Red Eclesial\u00b4del noroeste con trajes de bioseguridad, protectores faciales, guantes de nitrilo y mascarillas; para asegurar que las familias m\u00e1s vulnerables cuenten con asistencia y la respectiva entrega de kits de alimentos y atenci\u00f3n m\u00e9dica en casa.<\/p>\n<p>Con el fin de seguir contribuyendo, para asegurar que las necesidades de los m\u00e1s vulnerables cuenten con asistencia ante la emergencia <a class=\"_58cn\" href=\"https:\/\/business.facebook.com\/hashtag\/covid19?source=feed_text&amp;epa=HASHTAG&amp;__xts__%5B0%5D=68.ARB1031pVOKfNENdMKU_vcmfH1NguIVahFjIGvtLi9wN3YNixnYdgBX-oGwlmnfoHCIzWb3yMgwKOHiO6Qn_uxfL1zMyWlf5EfRVOgLwPUsy5QCw-cQK8DmpVKZxR7zKxRVZQAgDywU7HJr8STioci7_9qsCi2r-DFFzrbW40YIJk8QiAS7Cy3UMsgloOuK_BxTsDtbhczb2vJj9AzfBc34wYDNVvrIo0Fk-JB3uYYBvy-4h0IoGitaXc9B3Jzr1V_UNE4s4yoKBAzQeg2agx3ws5JNkvGUOLhrHmsePpNF7hAF5o0U1oPtzfIkRghm343dqdVpdubjBWQ6tNzdJ&amp;__tn__=%2ANK-R\" data-ft=\"{&quot;type&quot;:104,&quot;tn&quot;:&quot;*N&quot;}\"><span class=\"_5afx\"><span class=\"_58cl _5afz\" aria-label=\"hashtag\">#<\/span><span class=\"_58cm\">Covid19<\/span><\/span><\/a>. Trabajo que seguimos implementado junto a nuestros socios ejecutores <a class=\"profileLink\" href=\"https:\/\/business.facebook.com\/DYAregional\/?__tn__=K-R&amp;eid=ARC-2j2TsoUOtA0PcVtH3pZYklF7wAl9zDC9cjVyFioA8whapidT4i171jescwgIpjZ2bfS6CDmo2LIO&amp;fref=mentions&amp;__xts__%5B0%5D=68.ARB1031pVOKfNENdMKU_vcmfH1NguIVahFjIGvtLi9wN3YNixnYdgBX-oGwlmnfoHCIzWb3yMgwKOHiO6Qn_uxfL1zMyWlf5EfRVOgLwPUsy5QCw-cQK8DmpVKZxR7zKxRVZQAgDywU7HJr8STioci7_9qsCi2r-DFFzrbW40YIJk8QiAS7Cy3UMsgloOuK_BxTsDtbhczb2vJj9AzfBc34wYDNVvrIo0Fk-JB3uYYBvy-4h0IoGitaXc9B3Jzr1V_UNE4s4yoKBAzQeg2agx3ws5JNkvGUOLhrHmsePpNF7hAF5o0U1oPtzfIkRghm343dqdVpdubjBWQ6tNzdJ\" data-hovercard=\"\/ajax\/hovercard\/page.php?id=348342565672819&amp;extragetparams=%7B%22__tn__%22%3A%22%2CdK-R-R%22%2C%22eid%22%3A%22ARC-2j2TsoUOtA0PcVtH3pZYklF7wAl9zDC9cjVyFioA8whapidT4i171jescwgIpjZ2bfS6CDmo2LIO%22%2C%22fref%22%3A%22mentions%22%7D\" data-hovercard-prefer-more-content-show=\"1\">Desarrollo y Autogesti\u00f3n DYA<\/a>, impulsamos\u00a0acciones para alcanzar a los grupos altamente vulnerables frente al Covid-19 con v\u00edveres y kits de higiene personal, un aporte posible gracias a nuestros donantes.<\/p>\n<p><a class=\"_58cn\" href=\"https:\/\/business.facebook.com\/hashtag\/juntosservimos?source=feed_text&amp;epa=HASHTAG&amp;__xts__%5B0%5D=68.ARDnlbtwyfwMR67eoR1xaswn2YiGZoGYnb2qsLn4KX98EkdMcoGDkqe1IfLlzLYta2moI9vdoOqK6wGdP_Rozl90O6AAe0rEM_75XHJdK_O02vU-GWagxI6nw_pGgQJA9V5gCcLRk54BCg2G1IwbdDXqgSIiP1vw-6LKvdfLFdxr5pRRRJBYgzeO5Eo-66G8WjOm9uiuxEDQRaY78cDMeu9wt2sIHSa5KaDOHuFBZyvcHG5k20iC08NTzCYM34q4VyELwKHPABk86UCrpqCgDUmIniUqEUMk3nZjVmQU37u4RoiqOOwT3tsd9TzQfQG5iBVxt5u4jOVbkYI_Q0UU&amp;__tn__=%2ANK-R\" data-ft=\"{&quot;type&quot;:104,&quot;tn&quot;:&quot;*N&quot;}\"><span class=\"_5afx\"><span class=\"_58cl _5afz\" aria-label=\"hashtag\">#<\/span><span class=\"_58cm\">JuntosServimos<\/span><\/span><\/a>\u00a0<a class=\"_58cn\" href=\"https:\/\/business.facebook.com\/hashtag\/desarrollosocial?source=feed_text&amp;epa=HASHTAG&amp;__xts__%5B0%5D=68.ARDnlbtwyfwMR67eoR1xaswn2YiGZoGYnb2qsLn4KX98EkdMcoGDkqe1IfLlzLYta2moI9vdoOqK6wGdP_Rozl90O6AAe0rEM_75XHJdK_O02vU-GWagxI6nw_pGgQJA9V5gCcLRk54BCg2G1IwbdDXqgSIiP1vw-6LKvdfLFdxr5pRRRJBYgzeO5Eo-66G8WjOm9uiuxEDQRaY78cDMeu9wt2sIHSa5KaDOHuFBZyvcHG5k20iC08NTzCYM34q4VyELwKHPABk86UCrpqCgDUmIniUqEUMk3nZjVmQU37u4RoiqOOwT3tsd9TzQfQG5iBVxt5u4jOVbkYI_Q0UU&amp;__tn__=%2ANK-R\" data-ft=\"{&quot;type&quot;:104,&quot;tn&quot;:&quot;*N&quot;}\"><span class=\"_5afx\"><span class=\"_58cl _5afz\" aria-label=\"hashtag\">#<\/span><span class=\"_58cm\">DesarrolloSocial<\/span><\/span><\/a><br \/>\n<a class=\"profileLink\" href=\"https:\/\/business.facebook.com\/PazYEsperanzaEcuador\/?__tn__=K-R&amp;eid=ARCSZn_ayJB4pM3brFhLUJNzkNg3tAnXtSJ2iA2jtNd8GKPe80UHcgIy9xGZge2GBEs4pwmvsnSIBpiZ&amp;fref=mentions&amp;__xts__%5B0%5D=68.ARDnlbtwyfwMR67eoR1xaswn2YiGZoGYnb2qsLn4KX98EkdMcoGDkqe1IfLlzLYta2moI9vdoOqK6wGdP_Rozl90O6AAe0rEM_75XHJdK_O02vU-GWagxI6nw_pGgQJA9V5gCcLRk54BCg2G1IwbdDXqgSIiP1vw-6LKvdfLFdxr5pRRRJBYgzeO5Eo-66G8WjOm9uiuxEDQRaY78cDMeu9wt2sIHSa5KaDOHuFBZyvcHG5k20iC08NTzCYM34q4VyELwKHPABk86UCrpqCgDUmIniUqEUMk3nZjVmQU37u4RoiqOOwT3tsd9TzQfQG5iBVxt5u4jOVbkYI_Q0UU\" data-hovercard=\"\/ajax\/hovercard\/page.php?id=415577665124988&amp;extragetparams=%7B%22__tn__%22%3A%22%2CdK-R-R%22%2C%22eid%22%3A%22ARCSZn_ayJB4pM3brFhLUJNzkNg3tAnXtSJ2iA2jtNd8GKPe80UHcgIy9xGZge2GBEs4pwmvsnSIBpiZ%22%2C%22fref%22%3A%22mentions%22%7D\" data-hovercard-prefer-more-content-show=\"1\">Paz y Esperanza &#8211; Ecuador<\/a>\u00a0Red de Iglesias.<br \/>\n<a class=\"_58cn\" href=\"https:\/\/business.facebook.com\/hashtag\/aportesocial?source=feed_text&amp;epa=HASHTAG&amp;__xts__%5B0%5D=68.ARB1031pVOKfNENdMKU_vcmfH1NguIVahFjIGvtLi9wN3YNixnYdgBX-oGwlmnfoHCIzWb3yMgwKOHiO6Qn_uxfL1zMyWlf5EfRVOgLwPUsy5QCw-cQK8DmpVKZxR7zKxRVZQAgDywU7HJr8STioci7_9qsCi2r-DFFzrbW40YIJk8QiAS7Cy3UMsgloOuK_BxTsDtbhczb2vJj9AzfBc34wYDNVvrIo0Fk-JB3uYYBvy-4h0IoGitaXc9B3Jzr1V_UNE4s4yoKBAzQeg2agx3ws5JNkvGUOLhrHmsePpNF7hAF5o0U1oPtzfIkRghm343dqdVpdubjBWQ6tNzdJ&amp;__tn__=%2ANK-R\" data-ft=\"{&quot;type&quot;:104,&quot;tn&quot;:&quot;*N&quot;}\"><span class=\"_5afx\"><span class=\"_58cl _5afz\" aria-label=\"hashtag\">#<\/span><span class=\"_58cm\">AporteSocial<\/span><\/span><\/a>\u00a0<a class=\"_58cn\" href=\"https:\/\/business.facebook.com\/hashtag\/uni%C3%B3nycolaboraci%C3%B3n?source=feed_text&amp;epa=HASHTAG&amp;__xts__%5B0%5D=68.ARB1031pVOKfNENdMKU_vcmfH1NguIVahFjIGvtLi9wN3YNixnYdgBX-oGwlmnfoHCIzWb3yMgwKOHiO6Qn_uxfL1zMyWlf5EfRVOgLwPUsy5QCw-cQK8DmpVKZxR7zKxRVZQAgDywU7HJr8STioci7_9qsCi2r-DFFzrbW40YIJk8QiAS7Cy3UMsgloOuK_BxTsDtbhczb2vJj9AzfBc34wYDNVvrIo0Fk-JB3uYYBvy-4h0IoGitaXc9B3Jzr1V_UNE4s4yoKBAzQeg2agx3ws5JNkvGUOLhrHmsePpNF7hAF5o0U1oPtzfIkRghm343dqdVpdubjBWQ6tNzdJ&amp;__tn__=%2ANK-R\" data-ft=\"{&quot;type&quot;:104,&quot;tn&quot;:&quot;*N&quot;}\"><span class=\"_5afx\"><span class=\"_58cl _5afz\" aria-label=\"hashtag\">#<\/span><span class=\"_58cm\">Uni\u00f3nyColaboraci\u00f3n<\/span><\/span><\/a>\u00a0<a class=\"_58cn\" href=\"https:\/\/business.facebook.com\/hashtag\/diacon%C3%ADa?source=feed_text&amp;epa=HASHTAG&amp;__xts__%5B0%5D=68.ARB1031pVOKfNENdMKU_vcmfH1NguIVahFjIGvtLi9wN3YNixnYdgBX-oGwlmnfoHCIzWb3yMgwKOHiO6Qn_uxfL1zMyWlf5EfRVOgLwPUsy5QCw-cQK8DmpVKZxR7zKxRVZQAgDywU7HJr8STioci7_9qsCi2r-DFFzrbW40YIJk8QiAS7Cy3UMsgloOuK_BxTsDtbhczb2vJj9AzfBc34wYDNVvrIo0Fk-JB3uYYBvy-4h0IoGitaXc9B3Jzr1V_UNE4s4yoKBAzQeg2agx3ws5JNkvGUOLhrHmsePpNF7hAF5o0U1oPtzfIkRghm343dqdVpdubjBWQ6tNzdJ&amp;__tn__=%2ANK-R\" data-ft=\"{&quot;type&quot;:104,&quot;tn&quot;:&quot;*N&quot;}\"><span class=\"_5afx\"><span class=\"_58cl _5afz\" aria-label=\"hashtag\">#<\/span><span class=\"_58cm\">Diacon\u00eda<\/span><\/span><\/a><\/p>\n","protected":false},"excerpt":{"rendered":"<p>\u00a1Nuestra misi\u00f3n sigue! Ante la emergencia dotamos de kit de bioseguridad a la \u00b4Red Eclesial\u00b4del noroeste con trajes de bioseguridad, protectores faciales, guantes de nitrilo y mascarillas; para asegurar que [&hellip;]<\/p>\n","protected":false},"author":102,"featured_media":10348,"comment_status":"open","ping_status":"open","sticky":false,"template":"","format":"standard","meta":{"_acf_changed":false,"footnotes":""},"categories":[20],"tags":[],"class_list":["post-10394","post","type-post","status-publish","format-standard","has-post-thumbnail","hentry","category-proyectos"],"acf":[],"_links":{"self":[{"href":"https:\/\/misionalianza.org\/es\/wp-json\/wp\/v2\/posts\/10394","targetHints":{"allow":["GET"]}}],"collection":[{"href":"https:\/\/misionalianza.org\/es\/wp-json\/wp\/v2\/posts"}],"about":[{"href":"https:\/\/misionalianza.org\/es\/wp-json\/wp\/v2\/types\/post"}],"author":[{"embeddable":true,"href":"https:\/\/misionalianza.org\/es\/wp-json\/wp\/v2\/users\/102"}],"replies":[{"embeddable":true,"href":"https:\/\/misionalianza.org\/es\/wp-json\/wp\/v2\/comments?post=10394"}],"version-history":[{"count":1,"href":"https:\/\/misionalianza.org\/es\/wp-json\/wp\/v2\/posts\/10394\/revisions"}],"predecessor-version":[{"id":10395,"href":"https:\/\/misionalianza.org\/es\/wp-json\/wp\/v2\/posts\/10394\/revisions\/10395"}],"wp:featuredmedia":[{"embeddable":true,"href":"https:\/\/misionalianza.org\/es\/wp-json\/wp\/v2\/media\/10348"}],"wp:attachment":[{"href":"https:\/\/misionalianza.org\/es\/wp-json\/wp\/v2\/media?parent=10394"}],"wp:term":[{"taxonomy":"category","embeddable":true,"href":"https:\/\/misionalianza.org\/es\/wp-json\/wp\/v2\/categories?post=10394"},{"taxonomy":"post_tag","embeddable":true,"href":"https:\/\/misionalianza.org\/es\/wp-json\/wp\/v2\/tags?post=10394"}],"curies":[{"name":"wp","href":"https:\/\/api.w.org\/{rel}","templated":true}]}}