{"id":10441,"date":"2023-09-25T20:50:00","date_gmt":"2023-09-25T20:50:00","guid":{"rendered":"https:\/\/misionalianza.org\/es\/?p=10441"},"modified":"2024-11-25T21:46:27","modified_gmt":"2024-11-25T21:46:27","slug":"recuperacion-de-espacios-publicos-para-comunidades-de-paz","status":"publish","type":"post","link":"https:\/\/misionalianza.org\/es\/recuperacion-de-espacios-publicos-para-comunidades-de-paz\/","title":{"rendered":"Recuperaci\u00f3n de espacios p\u00fablicos para comunidades de paz"},"content":{"rendered":"<p style=\"text-align: justify;\">Una iniciativa que nace con el prop\u00f3sito de generar ambientes y comunidades de paz en los sectores y brindar espacios seguros a las familias.<\/p>\n<p style=\"text-align: justify;\">El proyecto se enfoca en la activaci\u00f3n de la participaci\u00f3n comunitaria para avanzar en la recuperaci\u00f3n de espacios p\u00fablicos deteriorados, generadores de temor y que afectan a los \u00edndices de inseguridad. Nuestra intervenci\u00f3n es con el prop\u00f3sito de generar espacios dignos para las familias. Mediante el eje de\u00a0Prevenci\u00f3n de la violencia\u00a0desarrollamos una intensa gesti\u00f3n con ONG locales para promover el involucramiento de la comunidad en la recuperaci\u00f3n de su identidad local. Adicionalmente a las personas que son parte del proceso las formamos en el trabajo colaborativo, dentro de sus mismas comunidades y una constante evaluaci\u00f3n del proceso para evidenciar juntos el resultado e impacto. Promovemos el involucramiento de la comunidad en el dise\u00f1o de sus espacios p\u00fablicos, favoreciendo la expresi\u00f3n de la creatividad e identidad de sus territorios, y con ello, la creaci\u00f3n de las condiciones para ampliar el control social sobre los espacios y el aumento de la percepci\u00f3n de seguridad. El modelo de colaboraci\u00f3n posibilita el acercamiento de las instituciones con la ciudadan\u00eda, especialmente con el gobierno local, en sectores altamente vulnerables. Una din\u00e1mica de confianza entre instituciones, organizaciones locales de base y la cooperaci\u00f3n internacional.<\/p>\n","protected":false},"excerpt":{"rendered":"<p>Una iniciativa que nace con el prop\u00f3sito de generar ambientes y comunidades de paz en los sectores y brindar espacios seguros a las familias. El proyecto se enfoca en la [&hellip;]<\/p>\n","protected":false},"author":102,"featured_media":10334,"comment_status":"open","ping_status":"open","sticky":false,"template":"","format":"standard","meta":{"_acf_changed":false,"footnotes":""},"categories":[16],"tags":[],"class_list":["post-10441","post","type-post","status-publish","format-standard","has-post-thumbnail","hentry","category-general"],"acf":[],"_links":{"self":[{"href":"https:\/\/misionalianza.org\/es\/wp-json\/wp\/v2\/posts\/10441","targetHints":{"allow":["GET"]}}],"collection":[{"href":"https:\/\/misionalianza.org\/es\/wp-json\/wp\/v2\/posts"}],"about":[{"href":"https:\/\/misionalianza.org\/es\/wp-json\/wp\/v2\/types\/post"}],"author":[{"embeddable":true,"href":"https:\/\/misionalianza.org\/es\/wp-json\/wp\/v2\/users\/102"}],"replies":[{"embeddable":true,"href":"https:\/\/misionalianza.org\/es\/wp-json\/wp\/v2\/comments?post=10441"}],"version-history":[{"count":1,"href":"https:\/\/misionalianza.org\/es\/wp-json\/wp\/v2\/posts\/10441\/revisions"}],"predecessor-version":[{"id":10442,"href":"https:\/\/misionalianza.org\/es\/wp-json\/wp\/v2\/posts\/10441\/revisions\/10442"}],"wp:featuredmedia":[{"embeddable":true,"href":"https:\/\/misionalianza.org\/es\/wp-json\/wp\/v2\/media\/10334"}],"wp:attachment":[{"href":"https:\/\/misionalianza.org\/es\/wp-json\/wp\/v2\/media?parent=10441"}],"wp:term":[{"taxonomy":"category","embeddable":true,"href":"https:\/\/misionalianza.org\/es\/wp-json\/wp\/v2\/categories?post=10441"},{"taxonomy":"post_tag","embeddable":true,"href":"https:\/\/misionalianza.org\/es\/wp-json\/wp\/v2\/tags?post=10441"}],"curies":[{"name":"wp","href":"https:\/\/api.w.org\/{rel}","templated":true}]}}